{"id":94,"date":"2024-02-06T23:47:35","date_gmt":"2024-02-06T22:47:35","guid":{"rendered":"https:\/\/nordouestantiquites.com\/index.php\/2024\/02\/06\/napoleon-iii-un-entrepreneur-visionnaire-ou-un-autocrate-imperial\/"},"modified":"2024-02-06T23:47:35","modified_gmt":"2024-02-06T22:47:35","slug":"napoleon-iii-un-entrepreneur-visionnaire-ou-un-autocrate-imperial","status":"publish","type":"post","link":"https:\/\/nordouestantiquites.com\/index.php\/2024\/02\/06\/napoleon-iii-un-entrepreneur-visionnaire-ou-un-autocrate-imperial\/","title":{"rendered":"Napol\u00e9on III : un entrepreneur visionnaire ou un autocrate imp\u00e9rial ?"},"content":{"rendered":"\n<h2 class=\"wp-block-heading\">L&rsquo;\u00e9mergence de Napol\u00e9on III: De l&rsquo;obscurit\u00e9 \u00e0 la lumi\u00e8re<\/h2>\n\n\n<h3 class=\"wp-block-heading\">Une naissance dans le tumulte<\/h3>\n\n\n<p>Born\u00e9e par un tournage tumultueux de la France Bonapartiste, l&rsquo;\u00e9mergence de <strong>Napol\u00e9on III<\/strong>, de son vrai nom Charles Louis Napol\u00e9on Bonaparte, en 1852 a surpris toute la nation. Son voyage de l&rsquo;obscurit\u00e9 \u00e0 la lumi\u00e8re est un r\u00e9cit d&rsquo;ambition, d&rsquo;opportunisme et de quelques chances favorables.<\/p>\n\n\n<h4 class=\"wp-block-heading\">L&rsquo;\u00e9tape obscure du parcours<\/h4>\n\n\n<p>Avant de devenir une figure connue, Napol\u00e9on III a v\u00e9cu des ann\u00e9es obscures. Exil\u00e9 apr\u00e8s le renversement de son oncle Napol\u00e9on Bonaparte, il a pass\u00e9 la majeure partie de son enfance et de sa jeunesse en Suisse et en Italie. Malgr\u00e9 ses tentatives infructueuses pour instaurer un coup d&rsquo;\u00e9tat en 1836 et 1840, il reste dans l&rsquo;ombre, consid\u00e9r\u00e9 par beaucoup comme un simple outsider sans grande importance.<\/p>\n\n\n<h4 class=\"wp-block-heading\">Le chemin menant \u00e0 la lumi\u00e8re<\/h4>\n\n\n<p>Cependant, l&rsquo;\u00e9mergence de Napol\u00e9on III est la preuve qu&rsquo;aucun homme n&rsquo;est destin\u00e9 \u00e0 rester dans l&rsquo;ombre. Apr\u00e8s le renversement de la deuxi\u00e8me R\u00e9publique et gr\u00e2ce \u00e0 sa pers\u00e9v\u00e9rance et \u00e0 sa d\u00e9termination, Napol\u00e9on III a pu acc\u00e9der au pouvoir et \u00eatre pleinement reconnu en tant que leader par son peuple. Il est devenu le premier pr\u00e9sident de la France \u00e0 \u00eatre \u00e9lu par vote populaire en 1848.<\/p>\n\n\n<h4 class=\"wp-block-heading\">L&rsquo;\u00e8re du Second Empire<\/h4>\n\n\n<p>En 1852, Napol\u00e9on III se proclame <strong>empereur des Fran\u00e7ais<\/strong>, donnant naissance \u00e0 la p\u00e9riode connue sous le nom de <em>Second Empire<\/em>. Sa p\u00e9riode de r\u00e8gne est marqu\u00e9e par d&rsquo;importantes r\u00e9formes \u00e9conomiques, une modernisation de Paris, des progr\u00e8s en mati\u00e8re d&rsquo;infrastructures et une politique \u00e9trang\u00e8re ambitieuse.<\/p>\n\n\n<figure class=\"wp-block-table\">\n<table>\n<tbody>\n<tr>\n<td>Ann\u00e9es<\/td>\n<td>\u00c9v\u00e9nements<\/td>\n<\/tr>\n<tr>\n<td>1808-1852<\/td>\n<td>Parcours de l&rsquo;obscurit\u00e9 vers la lumi\u00e8re<\/td>\n<\/tr>\n<tr>\n<td>1852-1870<\/td>\n<td>R\u00e8gne de Napol\u00e9on III, la p\u00e9riode du Second Empire<\/td>\n<\/tr>\n<\/tbody>\n<\/table>\n<\/figure>\n\n\n<p>En somme, <strong>Napol\u00e9on III<\/strong> est un exemple saisissant du voyage d&rsquo;un homme de l&rsquo;obscurit\u00e9 vers la lumi\u00e8re. En d\u00e9pit de tous les d\u00e9fis et des revers jusqu&rsquo;\u00e0 son accession \u00e0 l&rsquo;Empire, sa d\u00e9termination et sa soif de pouvoir ont finalement port\u00e9 leurs fruits, transformant ainsi radicalement le paysage politique de la France du 19e si\u00e8cle.<\/p>\n\n\n<h2 class=\"wp-block-heading\">Napol\u00e9on III en tant qu&rsquo;entrepreneur visionnaire: Des r\u00e9ussites remarquables en mati\u00e8re d&rsquo;\u00e9conomie et de technologie<\/h2>\n\n\n<p><strong>Napol\u00e9on III<\/strong>, n\u00e9 Charles-Louis Napol\u00e9on Bonaparte, a \u00e9t\u00e9 le premier Pr\u00e9sident de la R\u00e9publique fran\u00e7aise \u00e9lu par le suffrage universel en 1848, puis il a proclam\u00e9 l&rsquo;Empire fran\u00e7ais et est devenu l&rsquo;Empereur des Fran\u00e7ais de 1852 \u00e0 1870. Au del\u00e0 de son r\u00e8gne politique, il s&rsquo;est r\u00e9v\u00e9l\u00e9 \u00eatre un entrepreneur visionnaire dont les initiatives innovantes en mati\u00e8re d&rsquo;\u00e9conomie et de technologie ont marqu\u00e9 l&rsquo;h\u00e9ritage national.<\/p>\n\n\n<h3 class=\"wp-block-heading\">R\u00e9ussites \u00e9conomiques de Napol\u00e9on III<\/h3>\n\n\n<p>En mati\u00e8re d&rsquo;\u00e9conomie, <strong>Napol\u00e9on III<\/strong> a donn\u00e9 une impulsion industrielle sans pr\u00e9c\u00e9dent \u00e0 la France. Son r\u00e8gne a \u00e9t\u00e9 marqu\u00e9 par un important d\u00e9veloppement industriel, impuls\u00e9 par des politiques de lib\u00e9ralisation \u00e9conomique et un important programme de travaux publics.<\/p>\n\n\n<ul>\n\n<li><strong>Politique \u00e9conomique<\/strong>: Lib\u00e9raux dans son approche, il a supprim\u00e9 les tarifs douaniers, ouvert des entreprises d&rsquo;\u00c9tat \u00e0 l&rsquo;initiative priv\u00e9e et promu le libre-\u00e9change.<\/li>\n\n\n<li><strong>Travaux publics<\/strong>: Sous Napol\u00e9on III, la France a connu une expansion massive des chemins de fer, des routes et des canaux.<\/li>\n\n<\/ul>\n\n\n<h4 class=\"wp-block-heading\">Innovations technologiques sous Napol\u00e9on III<\/h4>\n\n\n<p>Sous son r\u00e8gne, des avanc\u00e9es technologiques remarquables ont \u00e9t\u00e9 r\u00e9alis\u00e9es, souvent comparables \u00e0 celles de la r\u00e9volution industrielle en Angleterre.<\/p>\n\n\n<figure class=\"wp-block-table\">\n<table>\n<tbody>\n<tr>\n<td>Technologie<\/td>\n<td>R\u00e9alisations<\/td>\n<\/tr>\n<tr>\n<td>Transports<\/td>\n<td><strong>Napol\u00e9on III<\/strong> a mis en place un vaste r\u00e9seau de chemins de fer et am\u00e9lior\u00e9 les syst\u00e8mes de voies navigables et les routes.<\/td>\n<\/tr>\n<tr>\n<td>T\u00e9l\u00e9communications<\/td>\n<td>Il a soutenu le d\u00e9veloppement du t\u00e9l\u00e9graphe \u00e9lectrique et l&rsquo;installation de lignes t\u00e9l\u00e9graphiques \u00e0 travers le pays.<\/td>\n<\/tr>\n<\/tbody>\n<\/table>\n<\/figure>\n\n\n<p>En conclusion, <strong>Napol\u00e9on III<\/strong> a \u00e9t\u00e9 un v\u00e9ritable pionnier, non seulement en politique, mais aussi en \u00e9conomie et en technologie. Son influence sur l&rsquo;\u00e9conomie fran\u00e7aise se fait encore ressentir aujourd&rsquo;hui.<\/p>\n\n\n<h2 class=\"wp-block-heading\">Napol\u00e9on III en tant qu&rsquo;autocrate imp\u00e9rial: L&rsquo;autoritarisme et la centralisation du pouvoir<\/h2>\n\n\n<p>Flambant de la grandeur imp\u00e9riale, l&rsquo;histoire de <strong>Napol\u00e9on III<\/strong> est marqu\u00e9e par son autocratie et sa soif insatiable de centraliser le pouvoir.<\/p>\n\n\n<h3 class=\"wp-block-heading\">L\u2019ascension d&rsquo;un autocrate<\/h3>\n\n\n<p>D\u00e8s le d\u00e9but, Napol\u00e9on III, n\u00e9 Charles Louis Napol\u00e9on Bonaparte, a eu un penchant pour le <strong>pouvoir absolu<\/strong>. Apr\u00e8s un coup d&rsquo;\u00c9tat audacieux en 1851, il a \u00e9tabli le Second Empire, se proclamant empereur sous le nom de Napol\u00e9on III.<\/p>\n\n\n<h4 class=\"wp-block-heading\">Consolidation du pouvoir<\/h4>\n\n\n<p>Au d\u00e9but de son r\u00e8gne, <strong>Napol\u00e9on III<\/strong> a entrepris une s\u00e9rie de r\u00e9formes radicales pour renforcer son pouvoir. Ses initiatives comprenaient la centralisation du pouvoir politique et militaire, la r\u00e9pression de l&rsquo;opposition politique et la ma\u00eetrise des m\u00e9dias.<\/p>\n\n\n<h4 class=\"wp-block-heading\">L&rsquo;autoritarisme et sa mise en oeuvre<\/h4>\n\n\n<p>Comme tous les autocrates avant et apr\u00e8s lui, <strong>Napol\u00e9on III<\/strong> a m\u00eame g\u00e9r\u00e9 des aspects pr\u00e9cis de la politique et de l&rsquo;administration. Emprisonnant ses d\u00e9tracteurs et contr\u00f4lant les manifestations publiques, il a r\u00e9ussi \u00e0 maintenir un ordre \u00ab\u00a0d&rsquo;apparence\u00a0\u00bb au sein de l&#8217;empire.<\/p>\n\n\n<h4 class=\"wp-block-heading\">Centralisation du pouvoir et modernisation de la France<\/h4>\n\n\n<p>En d\u00e9pit de sa r\u00e9putation d&rsquo;auteur impitoyable, <strong>Napol\u00e9on III<\/strong> a mis en \u0153uvre de nombreuses r\u00e9formes qui ont modernis\u00e9 la France. Il a r\u00e9organis\u00e9 le gouvernement, r\u00e9form\u00e9 l&rsquo;\u00e9ducation et a lanc\u00e9 des initiatives de construction qui ont transform\u00e9 Paris en une ville moderne.<\/p>\n\n\n<h4 class=\"wp-block-heading\">Chute de l&rsquo;autocrate<\/h4>\n\n\n<p>Malgr\u00e9 ses avanc\u00e9es, le r\u00e8gne de <strong>Napol\u00e9on III<\/strong> n&rsquo;a pas \u00e9t\u00e9 sans d\u00e9fis et controverses. A la suite de la d\u00e9faite \u00e9crasante face \u00e0 la Prusse en 1870, Napol\u00e9on a \u00e9t\u00e9 d\u00e9tr\u00f4n\u00e9 et exil\u00e9 en Angleterre, o\u00f9 il est mort en 1873.<\/p>\n\n\n<figure class=\"wp-block-table\">\n<table>\n<tbody>\n<tr>\n<td>P\u00e9riode<\/td>\n<td>\u00c9v\u00e9nements cl\u00e9s<\/td>\n<td>Impact politique<\/td>\n<\/tr>\n<tr>\n<td>1851-1852<\/td>\n<td>Coup d&rsquo;\u00c9tat de Napol\u00e9on III<\/td>\n<td>Constitution du Second Empire<\/td>\n<\/tr>\n<tr>\n<td>1852-1870<\/td>\n<td>R\u00e8gne de Napol\u00e9on III<\/td>\n<td>Modernisation de la France et centralisation du pouvoir<\/td>\n<\/tr>\n<tr>\n<td>1870-1873<\/td>\n<td>D\u00e9faite de la France face \u00e0 la Prusse et d\u00e9ch\u00e9ance de Napol\u00e9on III<\/td>\n<td>Fin de l&rsquo;autocratie imp\u00e9riale de Napol\u00e9on III<\/td>\n<\/tr>\n<\/tbody>\n<\/table>\n<\/figure>\n\n\n<p>Le r\u00e8gne de <strong>Napol\u00e9on III<\/strong>, bien que marqu\u00e9 par l&rsquo;autoritarisme et la centralisation du pouvoir, a laiss\u00e9 un h\u00e9ritage ind\u00e9l\u00e9bile sur l&rsquo;histoire de la France.<\/p>\n\n\n<h2 class=\"wp-block-heading\">La dualit\u00e9 de Napol\u00e9on III : Entre modernisation et absolutisme<\/h2>\n\n\n<p>L&rsquo;histoire de Napol\u00e9on III illustre parfaitement une dichotomie entre modernisation et absolutisme, une tension qui a sans cesse oscill\u00e9 pendant son r\u00e8gne. Ce dernier, couronn\u00e9 en 1852 et d\u00e9pos\u00e9 en 1870, est un personnage souvent mal compris et st\u00e9r\u00e9otyp\u00e9, dont l&rsquo;h\u00e9ritage est d\u00e9battu jusqu&rsquo;\u00e0 aujourd&rsquo;hui.<\/p>\n\n\n<h3 class=\"wp-block-heading\">La modernisation sous Napol\u00e9on III<\/h3>\n\n\n<p>Sous le r\u00e8gne de Napol\u00e9on III, la France a connu une vague de modernisation sans pr\u00e9c\u00e9dent. Cela a \u00e9t\u00e9 vu dans divers secteurs, tels que l&rsquo;infrastructure, l&rsquo;industrie, l&rsquo;\u00e9ducation et l&rsquo;agriculture. Napol\u00e9on III a fait de la modernisation de Paris une de ses principales priorit\u00e9s.<\/p>\n\n\n<figure class=\"wp-block-table\">\n<table>\n<tbody>\n<tr>\n<td>Secteurs<\/td>\n<td>Innovations<\/td>\n<\/tr>\n<tr>\n<td>Infrastructure<\/td>\n<td>Construction des \u00e9gouts de Paris, restructuration de la ville par le Baron Haussmann<\/td>\n<\/tr>\n<tr>\n<td>Industrie<\/td>\n<td>D\u00e9veloppement de l&rsquo;industrie lourde (acier, charbon)<\/td>\n<\/tr>\n<tr>\n<td>\u00c9ducation<\/td>\n<td>Cr\u00e9ation des lyc\u00e9es professionnels<\/td>\n<\/tr>\n<tr>\n<td>Agriculture<\/td>\n<td>Am\u00e9lioration des techniques agricoles<\/td>\n<\/tr>\n<\/tbody>\n<\/table>\n<\/figure>\n\n\n<p>  <\/p>\n\n\n<h4 class=\"wp-block-heading\">L&rsquo;absolutisme de Napol\u00e9on III<\/h4>\n\n\n<p>  <\/p>\n\n\n<p>Pourtant, malgr\u00e9 ces avanc\u00e9es modernes, Napol\u00e9on III \u00e9tait \u00e9galement un dirigeant autocratique d&rsquo;un r\u00e9gime connu sous le nom de <strong>Second Empire<\/strong>. Cette tendance \u00e0 l&rsquo;absolutisme peut \u00eatre vue dans divers aspects de son r\u00e8gne, par exemple dans la restriction des libert\u00e9s civiles et politiques des Fran\u00e7ais.<\/p>\n\n\n<ul>\n\n<li>Restrictions de la <strong>libert\u00e9 de la presse<\/strong><\/li>\n\n\n<li>Contr\u00f4le de la <strong>libert\u00e9 d&rsquo;expression<\/strong><\/li>\n\n\n<li>Utilisation du <strong>suffrage universel<\/strong> comme outil de l\u00e9gitimation<\/li>\n\n<\/ul>\n\n\n<p>     <\/p>\n\n\n<p>La complexit\u00e9 de Napol\u00e9on III r\u00e9v\u00e8le une important dichotomie entre son d\u00e9sir de moderniser la France et ses tendances autocratiques. Son r\u00e8gne, souvent mal compris, m\u00e9rite une r\u00e9flexion plus nuanc\u00e9e pour comprendre pleinement son impact et son h\u00e9ritage.<\/p>\n","protected":false},"excerpt":{"rendered":"<p>L&rsquo;\u00e9mergence de Napol\u00e9on III: De l&rsquo;obscurit\u00e9 \u00e0 la lumi\u00e8re Une naissance dans le tumulte Born\u00e9e par un tournage tumultueux de la France Bonapartiste, l&rsquo;\u00e9mergence de Napol\u00e9on III, de son vrai nom Charles Louis Napol\u00e9on Bonaparte, en 1852 a surpris toute la nation. Son voyage de l&rsquo;obscurit\u00e9 \u00e0 la lumi\u00e8re est un r\u00e9cit d&rsquo;ambition, d&rsquo;opportunisme et [&hellip;]<\/p>\n","protected":false},"author":1,"featured_media":95,"comment_status":"open","ping_status":"open","sticky":false,"template":"","format":"standard","meta":{"footnotes":""},"categories":[5],"tags":[9,8,7],"blocksy_meta":[],"_links":{"self":[{"href":"https:\/\/nordouestantiquites.com\/index.php\/wp-json\/wp\/v2\/posts\/94"}],"collection":[{"href":"https:\/\/nordouestantiquites.com\/index.php\/wp-json\/wp\/v2\/posts"}],"about":[{"href":"https:\/\/nordouestantiquites.com\/index.php\/wp-json\/wp\/v2\/types\/post"}],"author":[{"embeddable":true,"href":"https:\/\/nordouestantiquites.com\/index.php\/wp-json\/wp\/v2\/users\/1"}],"replies":[{"embeddable":true,"href":"https:\/\/nordouestantiquites.com\/index.php\/wp-json\/wp\/v2\/comments?post=94"}],"version-history":[{"count":0,"href":"https:\/\/nordouestantiquites.com\/index.php\/wp-json\/wp\/v2\/posts\/94\/revisions"}],"wp:featuredmedia":[{"embeddable":true,"href":"https:\/\/nordouestantiquites.com\/index.php\/wp-json\/wp\/v2\/media\/95"}],"wp:attachment":[{"href":"https:\/\/nordouestantiquites.com\/index.php\/wp-json\/wp\/v2\/media?parent=94"}],"wp:term":[{"taxonomy":"category","embeddable":true,"href":"https:\/\/nordouestantiquites.com\/index.php\/wp-json\/wp\/v2\/categories?post=94"},{"taxonomy":"post_tag","embeddable":true,"href":"https:\/\/nordouestantiquites.com\/index.php\/wp-json\/wp\/v2\/tags?post=94"}],"curies":[{"name":"wp","href":"https:\/\/api.w.org\/{rel}","templated":true}]}}