{"id":156,"date":"2024-02-07T02:17:42","date_gmt":"2024-02-07T01:17:42","guid":{"rendered":"https:\/\/nordouestantiquites.com\/index.php\/2024\/02\/07\/le-neo-expressionnisme-un-mouvement-artistique-contemporain-porteur-demotions-intenses\/"},"modified":"2024-02-07T02:17:42","modified_gmt":"2024-02-07T01:17:42","slug":"le-neo-expressionnisme-un-mouvement-artistique-contemporain-porteur-demotions-intenses","status":"publish","type":"post","link":"https:\/\/nordouestantiquites.com\/index.php\/2024\/02\/07\/le-neo-expressionnisme-un-mouvement-artistique-contemporain-porteur-demotions-intenses\/","title":{"rendered":"Le n\u00e9o-expressionnisme : un mouvement artistique contemporain porteur d&rsquo;\u00e9motions intenses?"},"content":{"rendered":"\n<h2 class=\"wp-block-heading\">L&rsquo;origine du n\u00e9o-expressionnisme : Un retour aux origines de l&rsquo;expressionisme<\/h2>\n\n\n<h3 class=\"wp-block-heading\">Contenu<\/h3>\n\n\n<ol>\n\n<li>L&rsquo;expressionnisme : Une br\u00e8ve r\u00e9trospective<\/li>\n\n\n<li>Le n\u00e9o-expressionnisme : Une renaissance<\/li>\n\n\n<li>Les artistes du n\u00e9o-expressionnisme<\/li>\n\n<\/ol>\n\n\n<p>    <section><br>        <\/section><\/p>\n\n\n<h4 class=\"wp-block-heading\">L&rsquo;expressionnisme : Une br\u00e8ve r\u00e9trospective<\/h4>\n\n\n<p>L&rsquo;<strong>expressionnisme<\/strong> est un mouvement artistique qui voit le jour en <strong>Allemagne<\/strong> au d\u00e9but du XXe si\u00e8cle. Il valorise l\u2019expression des sentiments et des \u00e9motions plut\u00f4t que la repr\u00e9sentation fid\u00e8le de la r\u00e9alit\u00e9. Les artistes expressionnistes utilisent des formes distordues, des couleurs vives, pour exprimer une r\u00e9alit\u00e9 int\u00e9rieure.<\/p>\n\n\n<h4 class=\"wp-block-heading\">Le n\u00e9o-expressionnisme : Une renaissance<\/h4>\n\n\n<p>Le <strong>n\u00e9o-expressionnisme<\/strong> na\u00eet en Allemagne et en Italie dans les ann\u00e9es 1970 et 1980. Ce mouvement se caract\u00e9rise par un retour \u00e0 la peinture figurative, une palette de couleurs vives et une expressivit\u00e9 forte. Le n\u00e9o-expressionnisme se distingue de ses pr\u00e9d\u00e9cesseurs par sa nature plus \u00e9clectique et son int\u00e9r\u00eat pour les th\u00e8mes sociaux.<\/p>\n\n\n<h4 class=\"wp-block-heading\">Les artistes du n\u00e9o-expressionnisme<\/h4>\n\n\n<p>De nombreux artistes ont marqu\u00e9 le mouvement n\u00e9o-expressionniste. Parmi eux, on retrouve <strong>Georg Baselitz<\/strong>, <strong>Anselm Kiefer<\/strong>, <strong>Enzo Cucchi<\/strong> et <strong>Julian Schnabel<\/strong>.<\/p>\n\n\n<h3 class=\"wp-block-heading\">Tableau des artistes du n\u00e9o-expressionnisme<\/h3>\n\n\n<figure class=\"wp-block-table\">\n<table>\n<thead>\n<tr>\n<th>Artiste<\/th>\n<th>Nationalit\u00e9<\/th>\n<th>P\u00e9riode d&rsquo;activit\u00e9<\/th>\n<\/tr>\n<\/thead>\n<tbody>\n<tr>\n<td>Georg Baselitz<\/td>\n<td>Allemande<\/td>\n<td>1957 &#8211; pr\u00e9sent<\/td>\n<\/tr>\n<tr>\n<td>Anselm Kiefer<\/td>\n<td>Allemande<\/td>\n<td>1969 &#8211; pr\u00e9sent<\/td>\n<\/tr>\n<tr>\n<td>Enzo Cucchi<\/td>\n<td>Italienne<\/td>\n<td>1976 &#8211; pr\u00e9sent<\/td>\n<\/tr>\n<tr>\n<td>Julian Schnabel<\/td>\n<td>Am\u00e9ricaine<\/td>\n<td>1975 &#8211; pr\u00e9sent<\/td>\n<\/tr>\n<\/tbody>\n<\/table>\n<\/figure>\n\n\n<h2 class=\"wp-block-heading\">Caract\u00e9ristiques et techniques du n\u00e9o-expressionnisme : Repr\u00e9senter l&rsquo;\u00e9motion brute<\/h2>\n\n\n<p>Le n\u00e9o-expressionnisme est une \u00e9cole artistique qui est r\u00e9apparue \u00e0 la fin du XXe si\u00e8cle, en r\u00e9action \u00e0 l&rsquo;art conceptuel et minimaliste. Ce courant, caract\u00e9ris\u00e9 par des techniques et des mediums divers, met l&rsquo;accent sur la repr\u00e9sentation de l&rsquo;\u00e9motion brute, avec une intensit\u00e9 poignante.<\/p>\n\n\n<h3 class=\"wp-block-heading\">Caract\u00e9ristiques du n\u00e9o-expressionnisme<\/h3>\n\n\n<p>Le n\u00e9o-expressionnisme se caract\u00e9rise principalement par le retour \u00e0 la <strong>peinture figurative et expressive<\/strong>. Il favorise une approche plus tactile et visc\u00e9rale de l&rsquo;art, en opposition au d\u00e9tachement clinical de la peinture minimaliste et conceptuelle.<\/p>\n\n\n<ul>\n\n<li><strong>Expression \u00e9tendue :<\/strong> Les \u0153uvres n\u00e9o-expressionnistes sont souvent <strong>grandes, dramatiques et vibrantes<\/strong>.<\/li>\n\n\n<li><strong>Forte \u00e9motion :<\/strong> Une des principales caract\u00e9ristiques du n\u00e9o-expressionnisme est son <strong>expression \u00e9motionnelle intense<\/strong>.<\/li>\n\n\n<li><strong>Tension dynamique :<\/strong> Les artistes utilisent la couleur, la texture et le mouvement pour cr\u00e9er une <strong>tension visuelle<\/strong>.<\/li>\n\n<\/ul>\n\n\n<h4 class=\"wp-block-heading\">Techniques du n\u00e9o-expressionnisme<\/h4>\n\n\n<p>Les artistes n\u00e9o-expressionnistes ont incorpor\u00e9 un m\u00e9lange de techniques dans leurs \u0153uvres.<\/p>\n\n\n<figure class=\"wp-block-table\">\n<table>\n<tbody>\n<tr>\n<td>Techniques<\/td>\n<td>Description<\/td>\n<\/tr>\n<tr>\n<td><strong>Peinture en couches :<\/strong><\/td>\n<td>Les artistes utilisent souvent plusieurs couches de peinture, cr\u00e9ant un effet de profondeur et de texture.<\/td>\n<\/tr>\n<tr>\n<td><strong>Grattage :<\/strong><\/td>\n<td>Cette technique implique le retrait de couches de peinture pour r\u00e9v\u00e9ler des couleurs ou des formes cach\u00e9es.<\/td>\n<\/tr>\n<tr>\n<td><strong>Collage :<\/strong><\/td>\n<td>Certains artistes ont incorpor\u00e9 des \u00e9l\u00e9ments de collage dans leurs \u0153uvres, combinant peinture et mat\u00e9riaux trouv\u00e9s.<\/td>\n<\/tr>\n<\/tbody>\n<\/table>\n<\/figure>\n\n\n<h4 class=\"wp-block-heading\">Repr\u00e9senter l&rsquo;\u00e9motion brute<\/h4>\n\n\n<p>Le n\u00e9o-expressionnisme cherche \u00e0 donner une expression directe et puissante aux sentiments humains. Les artistes utilisent une vari\u00e9t\u00e9 de techniques pour repr\u00e9senter ces \u00e9motions d&rsquo;une mani\u00e8re brute et non filtr\u00e9e.<\/p>\n\n\n<p>En somme, le n\u00e9o-expressionnisme renouait avec une repr\u00e9sentation plus expressive et plus \u00e9motive de l&rsquo;art. Sa r\u00e9\u00e9mergence dans le contexte d&rsquo;un art conceptuel et minimaliste montre une volont\u00e9 des artistes de retrouver une connexion plus humaine et plus visc\u00e9rale avec leur travail.<\/p>\n\n\n<h2 class=\"wp-block-heading\">Artistes majeurs et \u0153uvres embl\u00e9matiques du n\u00e9o-expressionnisme<\/h2>\n\n\n<p><strong>Le n\u00e9o-expressionnisme<\/strong> est un courant artistique qui a vu le jour dans les ann\u00e9es 1970. Il est marqu\u00e9 par un retour \u00e0 l&rsquo;expressionnisme de l&rsquo;\u00e9poque pr\u00e9c\u00e9dant la Seconde Guerre mondiale. Cette tendance artistique \u00e9tablit un lien fort avec le pass\u00e9 tout en renouvelant l&rsquo;art contemporain. Pour saisir pleinement l&rsquo;envergure de ce mouvement, attardons-nous \u00e0 identifier les artistes majeurs et les \u0153uvres embl\u00e9matiques qui l&rsquo;ont fa\u00e7onn\u00e9.<\/p>\n\n\n<h3 class=\"wp-block-heading\">Les artistes majeurs du n\u00e9o-expressionnisme<\/h3>\n\n\n<ul>\n\n<li><strong>Georg Baselitz:<\/strong> C\u00e9l\u00e8bre pour ses \u0153uvres qui sont souvent peintes \u00e0 l&rsquo;envers, Baselitz a d\u00e9clench\u00e9 un v\u00e9ritable renouveau de la peinture allemande dans les ann\u00e9es 1980.<\/li>\n\n\n<li><strong>Anselm Kiefer:<\/strong> Ce peintre allemand est r\u00e9put\u00e9 pour ses \u0153uvres compactes et textur\u00e9es qui requi\u00e8rent plusieurs couches de peinture.<\/li>\n\n\n<li><strong>Jean-Michel Basquiat:<\/strong> Cet artiste am\u00e9ricain d&rsquo;origine ha\u00eftienne est l&rsquo;un des principaux repr\u00e9sentants du n\u00e9o-expressionnisme de la fin des ann\u00e9es 1970. Il est connu pour son style brut et instinctif.<\/li>\n\n<\/ul>\n\n\n<h4 class=\"wp-block-heading\">Les \u0153uvres embl\u00e9matiques du n\u00e9o-expressionnisme<\/h4>\n\n\n<figure class=\"wp-block-table\">\n<table>\n<tbody>\n<tr>\n<td>Artiste<\/td>\n<td>\u0152uvre<\/td>\n<td>Description<\/td>\n<\/tr>\n<tr>\n<td><strong>Georg Baselitz<\/strong><\/td>\n<td>Les H\u00e9ros (1965-1966)<\/td>\n<td>Le tableau d\u00e9peint des figures humaines d\u00e9form\u00e9es, vuln\u00e9rables et vaincues, renversant la notion traditionnelle du h\u00e9ros.<\/td>\n<\/tr>\n<tr>\n<td><strong>Anselm Kiefer<\/strong><\/td>\n<td>Nigredo (1984)<\/td>\n<td>Une \u0153uvre sombre et granuleuse qui \u00e9voque la destruction et la renaissance.<\/td>\n<\/tr>\n<tr>\n<td><strong>Jean-Michel Basquiat<\/strong><\/td>\n<td>Riding with Death (1988)<\/td>\n<td>Un vibrant tableau dramatique exprimant le lutte contre la mortalit\u00e9.<\/td>\n<\/tr>\n<\/tbody>\n<\/table>\n<\/figure>\n\n\n<p>Le n\u00e9o-expressionnisme, avec ses artistes majeurs et ses \u0153uvres embl\u00e9matiques, a marqu\u00e9 l&rsquo;histoire de l&rsquo;art contemporain. Ses influences se per\u00e7oivent encore aujourd&rsquo;hui, notamment dans la peinture, la sculpture et la gravure, d\u00e9bordant d&rsquo;une \u00e9nergie brute et instinctive.<\/p>\n\n\n<h2 class=\"wp-block-heading\">Impact et influence du n\u00e9o-expressionnisme dans l&rsquo;art contemporain<\/h2>\n\n\n<p>L&rsquo;art, dans son essence la plus pure, est le reflet direct de l&rsquo;\u00e2me et de l&rsquo;histoire de l&rsquo;humanit\u00e9. Le <strong>n\u00e9o-expressionnisme<\/strong>, genre artistique apparu apr\u00e8s la Seconde Guerre mondiale, ne fait pas exception \u00e0 cette r\u00e8gle. C&rsquo;est une r\u00e9ponse directe et \u00e9mouvante \u00e0 une \u00e9poque marqu\u00e9e par aucun trouble profond. Cet article vise \u00e0 explorer l&rsquo;impact et l&rsquo;influence du n\u00e9o-expressionnisme dans l&rsquo;art contemporain.<\/p>\n\n\n<h3 class=\"wp-block-heading\">L&rsquo;Origine du n\u00e9o-expressionnisme<\/h3>\n\n\n<p>Le n\u00e9o-expressionnisme a \u00e9merg\u00e9 en Allemagne et en Italie dans les ann\u00e9es 1970 et 1980 en r\u00e9action \u00e0 l&rsquo;art conceptuel et minimaliste de l&rsquo;\u00e9poque. Le mouvement pr\u00e9sente des \u0153uvres d&rsquo;art figuratives, souvent avec un ton charg\u00e9 d&rsquo;\u00e9motivit\u00e9 comme un violent retour contre le st\u00e9rilisme et la froide impersonnalit\u00e9 pr\u00f4n\u00e9e par ces courants pr\u00e9c\u00e9dents.<\/p>\n\n\n<p>Le n\u00e9o-expressionnisme a eu un impact majeur sur l&rsquo;art contemporain, que cela se ressente encore \u00e0 ce jour. De nombreux artistes contemporains, tels que <strong>Jean-Michel Basquiat<\/strong> et <strong>Anselm Kiefer<\/strong>, ont \u00e9t\u00e9 fortement influenc\u00e9s par ce mouvement.<\/p>\n\n\n<figure class=\"wp-block-table\">\n<table>\n<tbody>\n<tr>\n<td>Artiste<\/td>\n<td>Influence<\/td>\n<\/tr>\n<tr>\n<td>Jean-Michel Basquiat<\/td>\n<td>Les tableaux de Basquiat, marqu\u00e9s par ce mouvement, repr\u00e9sentent souvent des figures, des symboles et des \u00e9crits inspir\u00e9s par des th\u00e8mes socio-politiques contemporains.<\/td>\n<\/tr>\n<tr>\n<td>Anselm Kiefer<\/td>\n<td>Kiefer, une figure prolifique du n\u00e9o-expressionnisme, est connu pour ses \u0153uvres grandioses et textur\u00e9es qui invoquent le pass\u00e9 tumultueux de l&rsquo;Allemagne.<\/td>\n<\/tr>\n<\/tbody>\n<\/table>\n<\/figure>\n\n\n<h4 class=\"wp-block-heading\">Conclusion : Le n\u00e9o-expressionnisme aujourd&rsquo;hui<\/h4>\n\n\n<p>Le n\u00e9o-expressionnisme continue de fa\u00e7onner l&rsquo;art contemporain, m\u00eame plusieurs d\u00e9cennies apr\u00e8s son av\u00e8nement. Ces formes d&rsquo;art, charg\u00e9es d&rsquo;\u00e9motions et de symbolisme, mettent en avant le ressenti d&rsquo;une \u00e9poque. L&rsquo;h\u00e9ritage de ce mouvement interpelle les artistes actuels qui, touch\u00e9s par les transformations politiques, sociales et culturelles de ce monde en perp\u00e9tuelle \u00e9volution, s&rsquo;approprient ce style pour traduire leur vision de notre soci\u00e9t\u00e9.<\/p>\n","protected":false},"excerpt":{"rendered":"<p>L&rsquo;origine du n\u00e9o-expressionnisme : Un retour aux origines de l&rsquo;expressionisme Contenu L&rsquo;expressionnisme : Une br\u00e8ve r\u00e9trospective L&rsquo;expressionnisme est un mouvement artistique qui voit le jour en Allemagne au d\u00e9but du XXe si\u00e8cle. Il valorise l\u2019expression des sentiments et des \u00e9motions plut\u00f4t que la repr\u00e9sentation fid\u00e8le de la r\u00e9alit\u00e9. Les artistes expressionnistes utilisent des formes distordues, [&hellip;]<\/p>\n","protected":false},"author":1,"featured_media":157,"comment_status":"open","ping_status":"open","sticky":false,"template":"","format":"standard","meta":{"footnotes":""},"categories":[5],"tags":[81,121,29,120],"blocksy_meta":[],"_links":{"self":[{"href":"https:\/\/nordouestantiquites.com\/index.php\/wp-json\/wp\/v2\/posts\/156"}],"collection":[{"href":"https:\/\/nordouestantiquites.com\/index.php\/wp-json\/wp\/v2\/posts"}],"about":[{"href":"https:\/\/nordouestantiquites.com\/index.php\/wp-json\/wp\/v2\/types\/post"}],"author":[{"embeddable":true,"href":"https:\/\/nordouestantiquites.com\/index.php\/wp-json\/wp\/v2\/users\/1"}],"replies":[{"embeddable":true,"href":"https:\/\/nordouestantiquites.com\/index.php\/wp-json\/wp\/v2\/comments?post=156"}],"version-history":[{"count":0,"href":"https:\/\/nordouestantiquites.com\/index.php\/wp-json\/wp\/v2\/posts\/156\/revisions"}],"wp:featuredmedia":[{"embeddable":true,"href":"https:\/\/nordouestantiquites.com\/index.php\/wp-json\/wp\/v2\/media\/157"}],"wp:attachment":[{"href":"https:\/\/nordouestantiquites.com\/index.php\/wp-json\/wp\/v2\/media?parent=156"}],"wp:term":[{"taxonomy":"category","embeddable":true,"href":"https:\/\/nordouestantiquites.com\/index.php\/wp-json\/wp\/v2\/categories?post=156"},{"taxonomy":"post_tag","embeddable":true,"href":"https:\/\/nordouestantiquites.com\/index.php\/wp-json\/wp\/v2\/tags?post=156"}],"curies":[{"name":"wp","href":"https:\/\/api.w.org\/{rel}","templated":true}]}}